{"id":3375,"date":"2022-10-26T21:26:55","date_gmt":"2022-10-26T21:26:55","guid":{"rendered":"https:\/\/cempre.org.co\/pacto-plasticos\/en-colombia-se-aprovecha-el-32-de-los-residuos-de-envases-y-empaques-plasticos\/"},"modified":"2022-10-26T21:26:55","modified_gmt":"2022-10-26T21:26:55","slug":"en-colombia-se-aprovecha-el-32-de-los-residuos-de-envases-y-empaques-plasticos","status":"publish","type":"post","link":"https:\/\/cempre.org.co\/pacto-plasticos\/en-colombia-se-aprovecha-el-32-de-los-residuos-de-envases-y-empaques-plasticos\/","title":{"rendered":"En Colombia se aprovecha el 32 % de los residuos de envases y empaques pl\u00e1sticos"},"content":{"rendered":"\n<ul class=\"wp-block-list\"><li><em>El Pacto por los Pl\u00e1sticos en Colombia ya tiene l\u00ednea base<\/em>.<\/li><li><em>En el mercado nacional se ponen anualmente 700.500 toneladas de envases y empaques pl\u00e1sticos.<\/em><\/li><li><em>El Pacto por los Pl\u00e1sticos busca acelerar la circularidad de este material para lograr que las cifras de aprovechamiento y reincorporaci\u00f3n de los envases y empaques sea cada vez mayor.<\/em><\/li><\/ul>\n\n\n\n<p><\/p>\n\n\n\n<p><strong>Bogot\u00e1, 19 de octubre de 2022.<\/strong> <strong>(<a href=\"https:\/\/twitter.com\/cempre_colombia\" target=\"_blank\" rel=\"noreferrer noopener\">@CEMPRE_COLOMBIA<\/a>). <\/strong>Cada a\u00f1o, la industria pone en el mercado colombiano 700.500 toneladas de envases y empaques pl\u00e1sticos. De este n\u00famero, se aprovechan 223.300, es decir, cerca del 32 %. Sin embargo, solo 23.200 son reincorporadas nuevamente en envases y empaques pl\u00e1sticos.<\/p>\n\n\n\n<p>Con estas cifras, el comit\u00e9 consultivo del Pacto por los Pl\u00e1sticos en Colombia consolid\u00f3 la l\u00ednea base para la construcci\u00f3n de las metas y el plan de trabajo de esta iniciativa, que impulsar\u00e1 la circularidad de este material en el pa\u00eds y contribuir\u00e1 de forma significativa al fomento de la econom\u00eda circular de los pl\u00e1sticos.<\/p>\n\n\n\n<p>El Pacto por los Pl\u00e1sticos es una plataforma colaborativa coordinada por Compromiso Empresarial para el Reciclaje (Cempre), con el soporte de la organizaci\u00f3n brit\u00e1nica WRAP. Adem\u00e1s, este se alinea con la iniciativa de pl\u00e1sticos de la Fundaci\u00f3n Ellen MacArthur para acelerar la transici\u00f3n hacia la econom\u00eda circular de dicho material.<\/p>\n\n\n\n<p>Con el compromiso de todos los actores involucrados, el pacto busca eliminar los pl\u00e1sticos que sean innecesarios; promover un dise\u00f1o circular de envases y embalajes elaborados con este material, con enfoques en reutilizaci\u00f3n y reciclabilidad; aumentar las cifras de reuso y reciclaje; y generar una mayor incorporaci\u00f3n del pl\u00e1stico reciclado en nuevos envases y empaques.<\/p>\n\n\n\n<p>Esta es una plataforma que proviene de un modelo implementado a nivel global bajo una exitosa metodolog\u00eda dise\u00f1ada por WRAP, la cual ha sido acogida por m\u00e1s de 550 organizaciones en todo el mundo.<\/p>\n\n\n\n<p>Con el de Colombia, ya son 13 los pactos que existen en el mundo. Naciones como Francia, Reino Unido, Pa\u00edses Bajos, Portugal, Polonia, Estados Unidos, Canad\u00e1, Chile, Sud\u00e1frica, India y Kenia y regiones como la Uni\u00f3n Europea y la zona de Australia, Nueva Zelanda y las Islas del Pac\u00edfico han sumado a sus estrategias de econom\u00eda circular este modelo.<\/p>\n\n\n\n<p>A partir de noviembre, Cempre abrir\u00e1 el proceso de convocatoria para la vinculaci\u00f3n de peque\u00f1as, medianas y grandes empresas al Pacto por los Pl\u00e1sticos. M\u00e1s informaci\u00f3n aqu\u00ed: <a href=\"https:\/\/cempre.org.co\/pacto-por-los-plasticos\/\">https:\/\/cempre.org.co\/pacto-por-los-plasticos\/<\/a><\/p>\n","protected":false},"excerpt":{"rendered":"<p>El Pacto por los Pl\u00e1sticos en Colombia ya tiene l\u00ednea base. En el mercado nacional se ponen anualmente 700.500 toneladas de envases y empaques pl\u00e1sticos. El Pacto por los Pl\u00e1sticos [&hellip;]<\/p>\n","protected":false},"author":12,"featured_media":3376,"comment_status":"open","ping_status":"open","sticky":false,"template":"","format":"standard","meta":{"footnotes":""},"categories":[15,16],"tags":[],"class_list":["post-3375","post","type-post","status-publish","format-standard","has-post-thumbnail","hentry","category-noticias","category-pacto-por-los-plasticos"],"_links":{"self":[{"href":"https:\/\/cempre.org.co\/pacto-plasticos\/wp-json\/wp\/v2\/posts\/3375","targetHints":{"allow":["GET"]}}],"collection":[{"href":"https:\/\/cempre.org.co\/pacto-plasticos\/wp-json\/wp\/v2\/posts"}],"about":[{"href":"https:\/\/cempre.org.co\/pacto-plasticos\/wp-json\/wp\/v2\/types\/post"}],"author":[{"embeddable":true,"href":"https:\/\/cempre.org.co\/pacto-plasticos\/wp-json\/wp\/v2\/users\/12"}],"replies":[{"embeddable":true,"href":"https:\/\/cempre.org.co\/pacto-plasticos\/wp-json\/wp\/v2\/comments?post=3375"}],"version-history":[{"count":0,"href":"https:\/\/cempre.org.co\/pacto-plasticos\/wp-json\/wp\/v2\/posts\/3375\/revisions"}],"wp:featuredmedia":[{"embeddable":true,"href":"https:\/\/cempre.org.co\/pacto-plasticos\/wp-json\/wp\/v2\/media\/3376"}],"wp:attachment":[{"href":"https:\/\/cempre.org.co\/pacto-plasticos\/wp-json\/wp\/v2\/media?parent=3375"}],"wp:term":[{"taxonomy":"category","embeddable":true,"href":"https:\/\/cempre.org.co\/pacto-plasticos\/wp-json\/wp\/v2\/categories?post=3375"},{"taxonomy":"post_tag","embeddable":true,"href":"https:\/\/cempre.org.co\/pacto-plasticos\/wp-json\/wp\/v2\/tags?post=3375"}],"curies":[{"name":"wp","href":"https:\/\/api.w.org\/{rel}","templated":true}]}}