{"id":3369,"date":"2023-02-24T15:08:45","date_gmt":"2023-02-24T15:08:45","guid":{"rendered":"https:\/\/cempre.org.co\/pacto-plasticos\/cempre-y-wrap-lanzan-el-pacto-por-los-plasticos-en-colombia-para-acelerar-la-economia-circular-del-plastico\/"},"modified":"2023-02-24T15:08:45","modified_gmt":"2023-02-24T15:08:45","slug":"cempre-y-wrap-lanzan-el-pacto-por-los-plasticos-en-colombia-para-acelerar-la-economia-circular-del-plastico","status":"publish","type":"post","link":"https:\/\/cempre.org.co\/pacto-plasticos\/cempre-y-wrap-lanzan-el-pacto-por-los-plasticos-en-colombia-para-acelerar-la-economia-circular-del-plastico\/","title":{"rendered":"Cempre y WRAP lanzan el Pacto por los Pl\u00e1sticos en Colombia para acelerar la econom\u00eda circular del pl\u00e1stico"},"content":{"rendered":"\n<ul class=\"wp-block-list\">\n<li><em>Carvajal, Coca-Cola, Grupo Plastilene, Jer\u00f3nimo Martins (Ara), Nestl\u00e9, Plastisol, Resiter y Xiclo ya son miembros de la plataforma.<\/em><\/li>\n\n\n\n<li><em>El pacto en Colombia cuenta con el apoyo de WRAP y con la colaboraci\u00f3n de importantes aliados como Acopl\u00e1sticos, The Consumer Goods Forum, DANE, WWF, la Universidad de los Andes y Red Reciclo.<\/em><\/li>\n\n\n\n<li><em>En el mercado nacional se ponen anualmente 700.500 toneladas de envases y empaques pl\u00e1sticos; solo el 3 % es reciclado en nuevos empaques.<\/em><\/li>\n\n\n\n<li><em>El Pacto por los Pl\u00e1sticos en Colombia busca acelerar la circularidad de este material para lograr incrementar las cifras de aprovechamiento y reincorporaci\u00f3n de los envases y empaques.<\/em><\/li>\n<\/ul>\n\n\n\n<p><strong>Bogot\u00e1, 23 de febrero de 2023.<\/strong> <strong>(<a href=\"https:\/\/twitter.com\/CEMPRE_COLOMBIA\">@CEMPRE_COLOMBIA<\/a>). <\/strong>La uni\u00f3n de grandes, medianas y peque\u00f1as empresas, entidades gubernamentales, agencias de cooperaci\u00f3n internacional, organizaciones de recicladores y gremios, entre otras instituciones, marc\u00f3 el punto de partida para la implementaci\u00f3n del Pacto por los Pl\u00e1sticos en Colombia, una plataforma colaborativa que lleg\u00f3 al pa\u00eds bajo la coordinaci\u00f3n de Cempre (Compromiso Empresarial para el Reciclaje) con el apoyo de la organizaci\u00f3n internacional de acci\u00f3n clim\u00e1tica WRAP (Waste and Resources Action Programme) y UKRI (UK Research and Innovation).<\/p>\n\n\n\n<p>La iniciativa tiene como objetivo acelerar la econom\u00eda circular de los pl\u00e1sticos en el pa\u00eds, a trav\u00e9s de acciones que buscan transformar la manera en la que los productos y empaques pl\u00e1sticos son dise\u00f1ados, usados y reusados para que estos mantengan su valor en la econom\u00eda y no se conviertan en residuos y, as\u00ed, contribuir a la protecci\u00f3n del medioambiente.<\/p>\n\n\n\n<p><em>\u201cLa econom\u00eda circular es el modelo que reconoce el valor ambiental y social como ejes fundamentales del desarrollo sostenible de los pa\u00edses y sus territorios. Cuando promovemos cadenas de valor pensadas desde el dise\u00f1o de los productos, innovamos e impulsamos formas diferentes de consumo; motivamos la formalidad laboral y empresarial; valoramos el costo real de los productos que consumimos; mantenemos el pl\u00e1stico en cadenas productivas y alejado de los lugares que buscamos proteger, como los oc\u00e9anos; reducimos las brechas sociales en las regiones, y motivamos la inversi\u00f3n del sector privado en nuevas tecnolog\u00edas. El Pacto por los Pl\u00e1sticos promueve la circularidad de los pl\u00e1sticos y nos muestra que, de la mano de todos, es posible trabajar en pro de un desarrollo econ\u00f3mico sostenible\u201d, <\/em>expres\u00f3 la directora ejecutiva de Cempre, Laura Reyes.<\/p>\n\n\n\n<p>Por su parte, David Rogers, director internacional de WRAP, dijo: <em>\u2018\u2019Desde WRAP estamos encantados de trabajar con Cempre en el lanzamiento del Pacto de los Pl\u00e1sticos de Colombia. Combatir la contaminaci\u00f3n pl\u00e1stica requiere una estrategia colaborativa que incluya a las empresas, el sector p\u00fablico y los ciudadanos. De esta forma el Pacto proporcionar\u00e1 el mecanismo para conducir cambios reales a largo plazo. El pacto de Colombia se une a una creciente red de pactos alrededor del mundo que nos permite compartir ideas y soluciones para acelerar el cambio hacia una econom\u00eda circular de los pl\u00e1sticos. Agradezco a los miembros fundadores su apoyo e invito a m\u00e1s empresas a unirse\u201d.&nbsp;&nbsp;<\/em><\/p>\n\n\n\n<p>A esta iniciativa, que se empez\u00f3 a estructurar en 2022, se han unido empresas de diferentes sectores como Carvajal, Coca-Cola, Grupo Plastilene, Jer\u00f3nimo Martins, Nestl\u00e9, Plastisol, Resiter y Xiclo, que trabajar\u00e1n conjuntamente para lograr las metas propuestas. As\u00ed mismo, el pacto cuenta con importantes aliados como Acopl\u00e1sticos, The Consumer Goods Forum, WWF, la Universidad de los Andes, el DANE y Red Reciclo, que apoyar\u00e1n y guiar\u00e1n con sus conocimientos a los miembros de esta plataforma en su efectiva implementaci\u00f3n.<\/p>\n\n\n\n<p>Para Fabio Franca, vicepresidente&nbsp;t\u00e9cnico de operaciones de Nestl\u00e9 de Colombia: <em>\u00abEl Pacto por los Pl\u00e1sticos representa un compromiso importante con el cuidado del planeta y nos permite acelerar la implementaci\u00f3n de acciones contundentes orientadas a fortalecer y mejorar los procesos de la econom\u00eda circular. Es, adem\u00e1s, la oportunidad para concretar alianzas de valor entre diversas empresas, entidades y asociaciones de recicladores y articular esfuerzos, socializar buenas pr\u00e1cticas y promover la transformaci\u00f3n de este material para darle una segunda vida, de tal manera que podamos avanzar en materia de reducci\u00f3n de emisiones y cuidado del medioambiente\u00bb.<\/em><\/p>\n\n\n\n<p>Los miembros actuales y futuros del pacto trabajar\u00e1n articuladamente para lograr, a 2030, eliminar los pl\u00e1sticos problem\u00e1ticos e innecesarios; asegurar que todos los envases y empaques sean reutilizables, reciclables o compostables; alcanzar una tasa de reciclaje del 50 % en estos, e incrementar la reincorporaci\u00f3n de material reciclado en nuevos envases y empaques pl\u00e1sticos hasta un 30 %.&nbsp;<\/p>\n\n\n\n<p>Actualmente, la industria pone en el mercado colombiano 700.500 toneladas de envases y empaques pl\u00e1sticos por a\u00f1o. De este n\u00famero, se aprovechan 223.300 toneladas, es decir, cerca del 32 %. Sin embargo, solo 23.200 toneladas est\u00e1n siendo reincorporadas nuevamente en envases y empaques pl\u00e1sticos (3 %). De ah\u00ed la importancia de trabajar colaborativamente en soluciones de ecodise\u00f1o, innovaci\u00f3n, nuevas formas de comercializaci\u00f3n de productos de consumo masivo y otros aspectos claves de la econom\u00eda circular.<\/p>\n\n\n\n<p class=\"has-medium-font-size\"><strong>Pacto por los Pl\u00e1sticos, una visi\u00f3n global<\/strong><\/p>\n\n\n\n<p>El Pacto por los Pl\u00e1sticos de Colombia se une a una red global de pactos que ya existen en el mundo. Naciones como Francia, Reino Unido, Pa\u00edses Bajos, Portugal, Polonia, Estados Unidos, Canad\u00e1, Chile, Sud\u00e1frica, India y Kenia y regiones como la Uni\u00f3n Europea y la zona de Australia, Nueva Zelanda y las Islas del Pac\u00edfico han sumado a sus estrategias de econom\u00eda circular este modelo.<\/p>\n\n\n\n<p><em>\u201cHoy en d\u00eda, se estima que hay entre 75 y 199 millones de toneladas m\u00e9tricas de pl\u00e1stico en nuestros oc\u00e9anos. Si esta tendencia se mantiene, los oc\u00e9anos tendr\u00e1n m\u00e1s pl\u00e1sticos que peces en t\u00e9rminos de peso para 2050. En el Reino Unido, hemos venido fortaleciendo nuestras pol\u00edticas en cuanto a la disminuci\u00f3n del uso de pl\u00e1sticos y fortaleciendo la econom\u00eda circular durante los \u00faltimos a\u00f1os. Nos emociona trabajar junto con Colombia, un pa\u00eds donde la protecci\u00f3n de su biodiversidad y sus zonas mar\u00edtimas es clave en la lucha mundial contra el cambio clim\u00e1tico, para enfrentar este reto mundial tan grande\u201d, <\/em>expres\u00f3 George Hodgson, embajador brit\u00e1nico en Colombia.<\/p>\n\n\n\n<p>Esta plataforma colaborativa ratifica el compromiso de las organizaciones para acelerar el cambio hacia una producci\u00f3n y consumo m\u00e1s sostenible de los recursos naturales que brinde m\u00e1s oportunidades al planeta.<\/p>\n\n\n\n<p>\u00a1Unidos aceleramos la circularidad de los pl\u00e1sticos!<\/p>\n\n\n\n<figure class=\"wp-block-image size-large\"><img decoding=\"async\" src=\"http:\/\/cempre.org.co\/wp-content\/uploads\/2023\/02\/IMG_5182-2-1024x683.jpg\" alt=\"\" class=\"wp-image-6050\"\/><figcaption class=\"wp-element-caption\">La construcci\u00f3n simb\u00f3lica del pacto se realiz\u00f3 con un rompecabezas de 9 piezas. Imagen: Cempre<\/figcaption><\/figure>\n","protected":false},"excerpt":{"rendered":"<p>Bogot\u00e1, 23 de febrero de 2023. (@CEMPRE_COLOMBIA). La uni\u00f3n de grandes, medianas y peque\u00f1as empresas, entidades gubernamentales, agencias de cooperaci\u00f3n internacional, organizaciones de recicladores y gremios, entre otras instituciones, marc\u00f3 [&hellip;]<\/p>\n","protected":false},"author":12,"featured_media":3370,"comment_status":"closed","ping_status":"open","sticky":false,"template":"","format":"standard","meta":{"footnotes":""},"categories":[15,16],"tags":[],"class_list":["post-3369","post","type-post","status-publish","format-standard","has-post-thumbnail","hentry","category-noticias","category-pacto-por-los-plasticos"],"_links":{"self":[{"href":"https:\/\/cempre.org.co\/pacto-plasticos\/wp-json\/wp\/v2\/posts\/3369","targetHints":{"allow":["GET"]}}],"collection":[{"href":"https:\/\/cempre.org.co\/pacto-plasticos\/wp-json\/wp\/v2\/posts"}],"about":[{"href":"https:\/\/cempre.org.co\/pacto-plasticos\/wp-json\/wp\/v2\/types\/post"}],"author":[{"embeddable":true,"href":"https:\/\/cempre.org.co\/pacto-plasticos\/wp-json\/wp\/v2\/users\/12"}],"replies":[{"embeddable":true,"href":"https:\/\/cempre.org.co\/pacto-plasticos\/wp-json\/wp\/v2\/comments?post=3369"}],"version-history":[{"count":0,"href":"https:\/\/cempre.org.co\/pacto-plasticos\/wp-json\/wp\/v2\/posts\/3369\/revisions"}],"wp:featuredmedia":[{"embeddable":true,"href":"https:\/\/cempre.org.co\/pacto-plasticos\/wp-json\/wp\/v2\/media\/3370"}],"wp:attachment":[{"href":"https:\/\/cempre.org.co\/pacto-plasticos\/wp-json\/wp\/v2\/media?parent=3369"}],"wp:term":[{"taxonomy":"category","embeddable":true,"href":"https:\/\/cempre.org.co\/pacto-plasticos\/wp-json\/wp\/v2\/categories?post=3369"},{"taxonomy":"post_tag","embeddable":true,"href":"https:\/\/cempre.org.co\/pacto-plasticos\/wp-json\/wp\/v2\/tags?post=3369"}],"curies":[{"name":"wp","href":"https:\/\/api.w.org\/{rel}","templated":true}]}}