{"id":3367,"date":"2023-04-12T10:41:36","date_gmt":"2023-04-12T10:41:36","guid":{"rendered":"https:\/\/cempre.org.co\/pacto-plasticos\/destacadas-empresas-e-instituciones-del-pais-se-han-sumado-al-pacto-por-los-plasticos-colombia\/"},"modified":"2023-04-12T10:41:36","modified_gmt":"2023-04-12T10:41:36","slug":"destacadas-empresas-e-instituciones-del-pais-se-han-sumado-al-pacto-por-los-plasticos-colombia","status":"publish","type":"post","link":"https:\/\/cempre.org.co\/pacto-plasticos\/destacadas-empresas-e-instituciones-del-pais-se-han-sumado-al-pacto-por-los-plasticos-colombia\/","title":{"rendered":"Destacadas empresas e instituciones del pa\u00eds se han sumado al Pacto por los Pl\u00e1sticos Colombia"},"content":{"rendered":"\n<p><strong>Bogot\u00e1, 12 de abril de 2023. (<a href=\"https:\/\/twitter.com\/CEMPRE_COLOMBIA\">@CEMPRE_COLOMBIA<\/a>).<\/strong> Comenz\u00f3 la implementaci\u00f3n del Pacto por los Pl\u00e1sticos en Colombia, y, Cempre, junto con las organizaciones e instituciones del pa\u00eds que se han sumado como miembros y aliados, est\u00e1 trabajando en la estructuraci\u00f3n de la hoja de ruta de esta iniciativa, cuyo objetivo es acelerar la econom\u00eda circular del pl\u00e1stico.<\/p>\n\n\n\n<p>Este compromiso colectivo ha sido reafirmado por empresas como <strong>Carvajal Empaques, Coca-Cola FEMSA, Jer\u00f3nimo Martins, Nestl\u00e9, Plastilene, Plastisol, Resiter, SC Recycling y Xiclo<\/strong>, que se han sumado como miembros del pacto. Adem\u00e1s, diversas instituciones acad\u00e9micas, ONG y asociaciones como <strong>Acopl\u00e1sticos, Asobaliva, Asorepcol, Asoremagcol, Basura ESP, Idem, el Instituto de Capacitaci\u00f3n e Investigaci\u00f3n del Pl\u00e1stico y del Caucho (ICIPC), Red Reciclo, The Consumer Goods Forum, la Universidad de los Andes y WWF<\/strong>, se han unido como aliados del programa.<\/p>\n\n\n\n<p>Cabe destacar que el Pacto por los Pl\u00e1sticos cuenta con el apoyo de la organizaci\u00f3n internacional de acci\u00f3n clim\u00e1tica <strong>WRAP (Waste and Resources Action Programme)<\/strong>, la cual tiene experiencia en iniciativas similares en distintos pa\u00edses del mundo.<\/p>\n\n\n\n<p><em>\u201cLa econom\u00eda circular es el modelo que reconoce el valor ambiental y social como ejes fundamentales del desarrollo sostenible de los pa\u00edses y sus territorios. Cuando promovemos cadenas de valor pensadas desde el dise\u00f1o de los productos, innovamos e impulsamos formas diferentes de consumo; motivamos la formalidad laboral y empresarial; valoramos el costo real de los productos que consumimos; mantenemos el pl\u00e1stico en cadenas productivas y alejado de los lugares que buscamos proteger, como los oc\u00e9anos; reducimos las brechas sociales en las regiones, y motivamos la inversi\u00f3n del sector privado en nuevas tecnolog\u00edas. El Pacto por los Pl\u00e1sticos promueve la circularidad de los pl\u00e1sticos y nos muestra que, de la mano de todos, es posible trabajar en pro de un desarrollo econ\u00f3mico sostenible\u201d, <\/em>expres\u00f3 la directora ejecutiva de Cempre, Laura Reyes.<\/p>\n\n\n\n<p>El compromiso de las empresas e instituciones que se suman al Pacto por los Pl\u00e1sticos se refleja en la b\u00fasqueda de soluciones y el trabajo colaborativo para implementar acciones concretas que permitan reducir la producci\u00f3n y el consumo de pl\u00e1sticos de un solo uso, incrementar el aprovechamiento de los residuos y mejorar la gesti\u00f3n de este tipo de materiales.<\/p>\n\n\n\n<p>Para ello, se han establecido una serie de metas para el a\u00f1o 2030, orientadas a eliminar los pl\u00e1sticos problem\u00e1ticos e innecesarios; asegurar que todos los envases y empaques sean reutilizables, reciclables o compostables; alcanzar una tasa de reciclaje del 50 % en estos, e incrementar la reincorporaci\u00f3n de material reciclado en nuevos envases y empaques pl\u00e1sticos hasta un 30 %.<\/p>\n\n\n\n<p>El Pacto por los Pl\u00e1sticos representa la uni\u00f3n y el trabajo colectivo entre diferentes empresas e instituciones comprometidas con la promoci\u00f3n de un modelo econ\u00f3mico sostenible. Cempre, como coordinador del programa, invita a todas las compa\u00f1\u00edas relacionadas con la cadena de los envases y empaques pl\u00e1sticos del pa\u00eds a sumarse a esta iniciativa y contribuir con su compromiso a la construcci\u00f3n de un futuro m\u00e1s sostenible que brinde m\u00e1s oportunidades al planeta.<\/p>\n\n\n\n<p><em>\u00abEl Pacto por los Pl\u00e1sticos representa un compromiso importante con el cuidado del planeta y nos permite acelerar la implementaci\u00f3n de acciones contundentes orientadas a fortalecer y mejorar los procesos de la econom\u00eda circular. Es, adem\u00e1s, la oportunidad para concretar alianzas de valor entre diversas empresas, entidades y asociaciones de recicladores y articular esfuerzos, socializar buenas pr\u00e1cticas y promover la transformaci\u00f3n de este material para darle una segunda vida, de tal manera que podamos avanzar en materia de reducci\u00f3n de emisiones y cuidado del medioambiente\u00bb<\/em><em>, <\/em>afirm\u00f3<em> <\/em>Fabio Franca, vicepresidente t\u00e9cnico de operaciones de Nestl\u00e9 de Colombia durante el evento de lanzamiento de la plataforma.<\/p>\n\n\n\n<p>La lucha contra la contaminaci\u00f3n pl\u00e1stica es una responsabilidad compartida y una oportunidad para las empresas de liderar el cambio hacia una econom\u00eda circular. El Pacto por los Pl\u00e1sticos es un llamado a la acci\u00f3n y una oportunidad \u00fanica para que las organizaciones se comprometan con el futuro del planeta y contribuyan a la construcci\u00f3n de una sociedad m\u00e1s sostenible y responsable. <\/p>\n\n\n\n<p>M\u00e1s informaci\u00f3n en <a href=\"mailto:pactoplastico@cempre.org.co\">pactoplastico@cempre.org.co<\/a> y <a href=\"https:\/\/cempre.org.co\/pacto-plasticos\/\">https:\/\/cempre.org.co\/pacto-plasticos<\/a>.<\/p>\n","protected":false},"excerpt":{"rendered":"<p>Bogot\u00e1, 12 de abril de 2023. (@CEMPRE_COLOMBIA). Comenz\u00f3 la implementaci\u00f3n del Pacto por los Pl\u00e1sticos en Colombia, y, Cempre, junto con las organizaciones e instituciones del pa\u00eds que se han [&hellip;]<\/p>\n","protected":false},"author":12,"featured_media":3368,"comment_status":"closed","ping_status":"closed","sticky":false,"template":"","format":"standard","meta":{"footnotes":""},"categories":[15,16],"tags":[20],"class_list":["post-3367","post","type-post","status-publish","format-standard","has-post-thumbnail","hentry","category-noticias","category-pacto-por-los-plasticos","tag-pacto-por-los-plasticos"],"_links":{"self":[{"href":"https:\/\/cempre.org.co\/pacto-plasticos\/wp-json\/wp\/v2\/posts\/3367","targetHints":{"allow":["GET"]}}],"collection":[{"href":"https:\/\/cempre.org.co\/pacto-plasticos\/wp-json\/wp\/v2\/posts"}],"about":[{"href":"https:\/\/cempre.org.co\/pacto-plasticos\/wp-json\/wp\/v2\/types\/post"}],"author":[{"embeddable":true,"href":"https:\/\/cempre.org.co\/pacto-plasticos\/wp-json\/wp\/v2\/users\/12"}],"replies":[{"embeddable":true,"href":"https:\/\/cempre.org.co\/pacto-plasticos\/wp-json\/wp\/v2\/comments?post=3367"}],"version-history":[{"count":0,"href":"https:\/\/cempre.org.co\/pacto-plasticos\/wp-json\/wp\/v2\/posts\/3367\/revisions"}],"wp:featuredmedia":[{"embeddable":true,"href":"https:\/\/cempre.org.co\/pacto-plasticos\/wp-json\/wp\/v2\/media\/3368"}],"wp:attachment":[{"href":"https:\/\/cempre.org.co\/pacto-plasticos\/wp-json\/wp\/v2\/media?parent=3367"}],"wp:term":[{"taxonomy":"category","embeddable":true,"href":"https:\/\/cempre.org.co\/pacto-plasticos\/wp-json\/wp\/v2\/categories?post=3367"},{"taxonomy":"post_tag","embeddable":true,"href":"https:\/\/cempre.org.co\/pacto-plasticos\/wp-json\/wp\/v2\/tags?post=3367"}],"curies":[{"name":"wp","href":"https:\/\/api.w.org\/{rel}","templated":true}]}}