{"id":3360,"date":"2024-02-20T14:40:19","date_gmt":"2024-02-20T14:40:19","guid":{"rendered":"https:\/\/cempre.org.co\/pacto-plasticos\/la-red-global-de-pactos-por-los-plasticos-unifica-esfuerzos-contra-la-contaminacion-plastica\/"},"modified":"2024-03-26T18:37:13","modified_gmt":"2024-03-26T18:37:13","slug":"la-red-global-de-pactos-por-los-plasticos-unifica-esfuerzos-contra-la-contaminacion-plastica","status":"publish","type":"post","link":"https:\/\/cempre.org.co\/pacto-plasticos\/la-red-global-de-pactos-por-los-plasticos-unifica-esfuerzos-contra-la-contaminacion-plastica\/","title":{"rendered":"La red global de pactos por los pl\u00e1sticos unifica esfuerzos contra la contaminaci\u00f3n pl\u00e1stica\u00a0"},"content":{"rendered":"\t\t<div data-elementor-type=\"wp-post\" data-elementor-id=\"3360\" class=\"elementor elementor-3360\">\n\t\t\t\t\t\t<section class=\"elementor-section elementor-top-section elementor-element elementor-element-14a3fb19 elementor-section-boxed elementor-section-height-default elementor-section-height-default\" data-id=\"14a3fb19\" data-element_type=\"section\">\n\t\t\t\t\t\t<div class=\"elementor-container elementor-column-gap-default\">\n\t\t\t\t\t<div class=\"elementor-column elementor-col-100 elementor-top-column elementor-element elementor-element-5963b635\" data-id=\"5963b635\" data-element_type=\"column\">\n\t\t\t<div class=\"elementor-widget-wrap elementor-element-populated\">\n\t\t\t\t\t\t<div class=\"elementor-element elementor-element-88afcd2 elementor-widget elementor-widget-text-editor\" data-id=\"88afcd2\" data-element_type=\"widget\" data-widget_type=\"text-editor.default\">\n\t\t\t\t<div class=\"elementor-widget-container\">\n\t\t\t<style>\/*! elementor - v3.19.0 - 17-01-2024 *\/\n.elementor-widget-text-editor.elementor-drop-cap-view-stacked .elementor-drop-cap{background-color:#69727d;color:#fff}.elementor-widget-text-editor.elementor-drop-cap-view-framed .elementor-drop-cap{color:#69727d;border:3px solid;background-color:transparent}.elementor-widget-text-editor:not(.elementor-drop-cap-view-default) .elementor-drop-cap{margin-top:8px}.elementor-widget-text-editor:not(.elementor-drop-cap-view-default) .elementor-drop-cap-letter{width:1em;height:1em}.elementor-widget-text-editor .elementor-drop-cap{float:left;text-align:center;line-height:1;font-size:50px}.elementor-widget-text-editor .elementor-drop-cap-letter{display:inline-block}<\/style>\t\t\t\t<!-- wp:paragraph -->\n<p><\/p>\n<!-- \/wp:paragraph -->\n\n<!-- wp:paragraph -->\n<p><strong>Bogot\u00e1, Colombia, 20 de febrero de 2024 (<a href=\"https:\/\/twitter.com\/CEMPRE_COLOMBIA\">@CEMPRE_COLOMBIA<\/a>) \u2013 <\/strong>La gesti\u00f3n inadecuada de los pl\u00e1sticos ha ocasionado problemas recurrentes en los ecosistemas a nivel mundial, provocando as\u00ed el aumento de los \u00edndices de contaminaci\u00f3n pl\u00e1stica. Por eso, cada vez hay m\u00e1s pa\u00edses y organizaciones que se unen a la red global de pactos por los pl\u00e1sticos, para impulsar una transici\u00f3n hacia una econom\u00eda circular para este material. Dicha transici\u00f3n implica la reducci\u00f3n del consumo, la mejora en el dise\u00f1o y un aumento significativo en los \u00edndices de reciclaje del pl\u00e1stico.\u00a0<\/p>\n<!-- \/wp:paragraph -->\n\n<!-- wp:paragraph -->\n<p>Recientemente, el <strong><a href=\"https:\/\/cempre.org.co\/pacto-plasticos\/\">Pacto por los Pl\u00e1sticos Colombia<\/a><\/strong> y <strong>Cempre<\/strong>, participaron en un encuentro grupal organizado por <strong><a href=\"https:\/\/wrap.org.uk\/\">WRAP<\/a> y la <a href=\"https:\/\/www.ellenmacarthurfoundation.org\/es\/temas\/presentacion-economia-circular\/vision-general\">Fundaci\u00f3n Ellen MacArthur<\/a><\/strong> en Sud\u00e1frica. Este evento reuni\u00f3 a representantes de <strong>12<\/strong> pactos existentes en todo el mundo, que incluyen a pa\u00edses como <strong>Australia &#8211; Nueva Zelanda (ANZPAC), Canad\u00e1, Chile, Colombia, Estados Unidos, M\u00e9xico, India, Kenia, Polonia, Portugal, Sud\u00e1frica y el Reino Unido.<\/strong>&nbsp;<\/p>\n<!-- \/wp:paragraph -->\n\n<!-- wp:paragraph -->\n<p>El objetivo de esta reuni\u00f3n de tres d\u00edas entre pactos y sus representantes en Sud\u00e1frica era facilitar un intercambio de experiencias y aprendizajes entre los diferentes Pactos por los Pl\u00e1sticos, con el fin de identificar buenas pr\u00e1cticas, desaf\u00edos comunes y oportunidades de colaboraci\u00f3n para avanzar en la reducci\u00f3n de la contaminaci\u00f3n por pl\u00e1sticos a nivel local, nacional y global. Adem\u00e1s, se buscaba fortalecer la red de pactos y promover acciones concretas para abordar y aportar a la construcci\u00f3n del <strong><a href=\"https:\/\/cempre.org.co\/tratado-global-de-plasticos\/\">Tratado Global de Pl\u00e1sticos.&nbsp;<\/a><\/strong><\/p>\n<!-- \/wp:paragraph -->\n\n<!-- wp:paragraph -->\n<p>A continuaci\u00f3n, destacamos los puntos m\u00e1s sobresalientes del encuentro de la Red Global de Pactos por los Pl\u00e1sticos en el continente africano:&nbsp;<\/p>\n<!-- \/wp:paragraph -->\n\n<!-- wp:heading {\"level\":4} -->\n<h4 class=\"wp-block-heading\"><strong>Sesi\u00f3n inaugural:<\/strong>&nbsp;<\/h4>\n<!-- \/wp:heading -->\n\n<!-- wp:paragraph -->\n<p>En la sesi\u00f3n inaugural de esta reuni\u00f3n, cada representante expuso las lecciones aprendidas y los logros consolidados de sus respectivos pactos por los pl\u00e1sticos en sus pa\u00edses. Asimismo, demostraron un firme inter\u00e9s en aprovechar las experiencias de otros pactos en cuanto al desarrollo e implementaci\u00f3n de su hoja de ruta para alcanzar los objetivos establecidos para el a\u00f1o <strong>2025<\/strong>.&nbsp;<\/p>\n<!-- \/wp:paragraph -->\n\n<!-- wp:paragraph -->\n<p>Asimismo, Rob Opsomer, director del programa Pacto por los Pl\u00e1sticos de la Fundaci\u00f3n Ellen MacArthur, resalt\u00f3 la adhesi\u00f3n de m\u00e1s de <strong>800 <\/strong>empresas y organizaciones a esta red y enfatiz\u00f3 la urgencia de la acci\u00f3n global sobre los pl\u00e1sticos y destac\u00f3 el poder de las redes voluntarias para impulsar un cambio significativo.&nbsp;<\/p>\n<!-- \/wp:paragraph -->\n\n<!-- wp:paragraph -->\n<p>Respecto a las cuatro metas globales establecidas por todos los pactos a nivel mundial, WRAP y la Fundaci\u00f3n Ellen MacArthur resaltaron un avance significativo. Se ha logrado una reducci\u00f3n notable de pl\u00e1sticos problem\u00e1ticos e innecesarios, estimada en al menos <strong>15,000<\/strong> toneladas. Adem\u00e1s, se ha observado una mejora del <strong>24%<\/strong> en la tasa promedio de reciclaje de materiales electr\u00f3nicos y envases. Tambi\u00e9n se ha registrado un aumento en la demanda y valor de los materiales reciclados, lo que ha generado un impacto positivo en la econom\u00eda circular.&nbsp;<\/p>\n<!-- \/wp:paragraph -->\n\n<!-- wp:paragraph -->\n<p>Sin embargo, persisten desaf\u00edos importantes, como la falta de regulaci\u00f3n, mencionada como un obst\u00e1culo por el <strong>85%<\/strong> de los pactos, y los altos costos asociados a las alternativas sostenibles, que contin\u00faan representando un desaf\u00edo para el <strong>72%<\/strong> de los pactos.&nbsp;<\/p>\n<!-- \/wp:paragraph -->\n\n<!-- wp:paragraph -->\n<p>Se subray\u00f3 la importancia de contribuir de manera continua al Tratado Global de Pl\u00e1sticos en discusi\u00f3n, para garantizar que, al firmar, sea un acuerdo s\u00f3lido y amplio en t\u00e9rminos de sostenibilidad y econom\u00eda circular. Se espera que los estados miembros de la ONU soliciten mecanismos legales vinculantes que abarquen todo el ciclo de vida de los pl\u00e1sticos. Dado que los compromisos voluntarios no ser\u00e1n suficientes para implementar los cambios necesarios, se enfatiza la necesidad de regulaciones nacionales significativas para abordar la contaminaci\u00f3n por pl\u00e1sticos, que vayan m\u00e1s all\u00e1 de las medidas en la fase final del ciclo de vida.&nbsp;&nbsp;<\/p>\n<!-- \/wp:paragraph -->\n\n<!-- wp:heading {\"level\":4} -->\n<h4 class=\"wp-block-heading\"><strong>Segunda sesi\u00f3n:<\/strong>&nbsp;<\/h4>\n<!-- \/wp:heading -->\n\n<!-- wp:paragraph -->\n<p>En la segunda sesi\u00f3n, el Pacto por los Pl\u00e1sticos Colombia comparti\u00f3 las experiencias de las iniciativas que Cempre ha venido desarrollando en el pa\u00eds, centr\u00e1ndose en el aprovechamiento de pl\u00e1sticos dentro del esquema de <strong>Responsabilidad Extendida del Productor (REP)<\/strong>. Se resalt\u00f3 la importancia del trabajo y la inversi\u00f3n para fortalecer las capacidades de las organizaciones de recicladores informales, lo que destacaron los representantes presentes.&nbsp;<\/p>\n<!-- \/wp:paragraph -->\n\n<!-- wp:paragraph -->\n<p>Adem\u00e1s, se presentaron conclusiones y experiencias de trabajo de otros pactos a nivel internacional. Se subray\u00f3 la importancia de abordar asuntos relacionados con la justicia ambiental y la transici\u00f3n equitativa, as\u00ed como la necesidad de involucrar a empresas multinacionales en los pactos correspondientes a las \u00e1reas donde tienen operaciones. Entre los temas discutidos estaban la preocupaci\u00f3n por la contaminaci\u00f3n marina y costera, la eficiencia en la separaci\u00f3n y recolecci\u00f3n de materiales y la urgencia de realizar estudios aplicados sobre el uso y reciclaje de pl\u00e1sticos flexibles.&nbsp;<\/p>\n<!-- \/wp:paragraph -->\n\n<!-- wp:heading {\"level\":4} -->\n<h4 class=\"wp-block-heading\"><strong>Sesi\u00f3n final:<\/strong>&nbsp;<\/h4>\n<!-- \/wp:heading -->\n\n<!-- wp:paragraph -->\n<p>Los representantes de los pactos visitaron la Organizaci\u00f3n de Recicladores Africana (ARO), donde presenciaron de primera mano el trabajo de los recicladores, participando en la recolecci\u00f3n de materiales pl\u00e1sticos directamente desde las calles. Durante la visita, los l\u00edderes de la organizaci\u00f3n compartieron necesidades similares a las experimentadas en Colombia, como la falta de centros de acopio, veh\u00edculos adecuados, tecnolog\u00eda para clasificar materiales, estabilidad de precios y apoyo para su formalizaci\u00f3n y fortalecimiento empresarial.&nbsp;<\/p>\n<!-- \/wp:paragraph -->\n\n<!-- wp:paragraph -->\n<p>Finalmente, al concluir la jornada, los representantes de los pactos tuvieron la oportunidad de intercambiar experiencias con empresas privadas de Sud\u00e1frica, estableciendo v\u00ednculos colaborativos para la implementaci\u00f3n de nuevas acciones en sus respectivas hojas de ruta.&nbsp;&nbsp;<\/p>\n<!-- \/wp:paragraph -->\n\n<!-- wp:paragraph -->\n<p>Esta reuni\u00f3n no solo marc\u00f3 un paso significativo hacia la colaboraci\u00f3n a nivel mundial, sino que tambi\u00e9n represent\u00f3 un hito crucial en el apoyo para la construcci\u00f3n del Tratado Global de Pl\u00e1sticos. La red global de pactos por los pl\u00e1sticos refleja un esfuerzo colectivo hacia una econom\u00eda m\u00e1s circular, subrayando el compromiso de los diversos actores en la b\u00fasqueda de un futuro sostenible y libre de la contaminaci\u00f3n que los pl\u00e1sticos generan. Es un reflejo de la creciente conciencia sobre la urgencia de abordar este desaf\u00edo global y de la determinaci\u00f3n de trabajar juntos para encontrar soluciones innovadoras y efectivas.&nbsp;<\/p>\n<!-- \/wp:paragraph -->\n\n<!-- wp:paragraph -->\n<p>M\u00e1s informaci\u00f3n sobre el Pacto por los Pl\u00e1sticos Colombia en <a href=\"https:\/\/cempre.org.co\/pacto-plasticos\">https:\/\/cempre.org.co\/pacto-plasticos<\/a>&nbsp;<\/p>\n<!-- \/wp:paragraph -->\t\t\t\t\t\t<\/div>\n\t\t\t\t<\/div>\n\t\t\t\t\t<\/div>\n\t\t<\/div>\n\t\t\t\t\t<\/div>\n\t\t<\/section>\n\t\t\t\t<\/div>\n\t\t","protected":false},"excerpt":{"rendered":"<p>Bogot\u00e1, Colombia, 20 de febrero de 2024 (@CEMPRE_COLOMBIA) \u2013 La gesti\u00f3n inadecuada de los pl\u00e1sticos ha ocasionado problemas recurrentes en los ecosistemas a nivel mundial, provocando as\u00ed el aumento de [&hellip;]<\/p>\n","protected":false},"author":12,"featured_media":3382,"comment_status":"closed","ping_status":"closed","sticky":false,"template":"","format":"standard","meta":{"footnotes":""},"categories":[15,16,17],"tags":[18,19,20,21],"class_list":["post-3360","post","type-post","status-publish","format-standard","has-post-thumbnail","hentry","category-noticias","category-pacto-por-los-plasticos","category-tratado-global-plasticos","tag-cempre","tag-economia-circular","tag-pacto-por-los-plasticos","tag-tratado-global-de-plasticos"],"_links":{"self":[{"href":"https:\/\/cempre.org.co\/pacto-plasticos\/wp-json\/wp\/v2\/posts\/3360","targetHints":{"allow":["GET"]}}],"collection":[{"href":"https:\/\/cempre.org.co\/pacto-plasticos\/wp-json\/wp\/v2\/posts"}],"about":[{"href":"https:\/\/cempre.org.co\/pacto-plasticos\/wp-json\/wp\/v2\/types\/post"}],"author":[{"embeddable":true,"href":"https:\/\/cempre.org.co\/pacto-plasticos\/wp-json\/wp\/v2\/users\/12"}],"replies":[{"embeddable":true,"href":"https:\/\/cempre.org.co\/pacto-plasticos\/wp-json\/wp\/v2\/comments?post=3360"}],"version-history":[{"count":12,"href":"https:\/\/cempre.org.co\/pacto-plasticos\/wp-json\/wp\/v2\/posts\/3360\/revisions"}],"predecessor-version":[{"id":3460,"href":"https:\/\/cempre.org.co\/pacto-plasticos\/wp-json\/wp\/v2\/posts\/3360\/revisions\/3460"}],"wp:featuredmedia":[{"embeddable":true,"href":"https:\/\/cempre.org.co\/pacto-plasticos\/wp-json\/wp\/v2\/media\/3382"}],"wp:attachment":[{"href":"https:\/\/cempre.org.co\/pacto-plasticos\/wp-json\/wp\/v2\/media?parent=3360"}],"wp:term":[{"taxonomy":"category","embeddable":true,"href":"https:\/\/cempre.org.co\/pacto-plasticos\/wp-json\/wp\/v2\/categories?post=3360"},{"taxonomy":"post_tag","embeddable":true,"href":"https:\/\/cempre.org.co\/pacto-plasticos\/wp-json\/wp\/v2\/tags?post=3360"}],"curies":[{"name":"wp","href":"https:\/\/api.w.org\/{rel}","templated":true}]}}